{"id":9646,"date":"2026-08-28T11:13:07","date_gmt":"2026-08-28T14:13:07","guid":{"rendered":"https:\/\/museudoipiranga.org.br\/?p=9646"},"modified":"2026-09-02T17:09:00","modified_gmt":"2026-09-02T20:09:00","slug":"mediation-and-afro-brazilian-art-seminar","status":"publish","type":"post","link":"https:\/\/museudoipiranga.org.br\/en\/mediacao-e-arte-afro-brasileira-seminario\/","title":{"rendered":"Media\u00e7\u00e3o e educa\u00e7\u00e3o em di\u00e1logo: a constru\u00e7\u00e3o do negro como sujeito"},"content":{"rendered":"<p><span style=\"font-weight: 400;\">On the day <\/span><b>September 26<\/b><span style=\"font-weight: 400;\">, Starting at 2 PM, the Ipiranga Museum will hold a workshop to reflect on critical and anti-racist strategies adopted in its educational practices. The aim is to discuss how to mediate works and narratives influenced by colonial legacies without reproducing stereotypes, absences, and erasures.<\/span><\/p>\n<p><span style=\"font-weight: 400;\">The activity takes place on the third day of the seminar. <strong>Media\u00e7\u00e3o e educa\u00e7\u00e3o em di\u00e1logo: a constru\u00e7\u00e3o do negro como sujeito<\/strong><\/span><span style=\"font-weight: 400;\">. This initiative is the result of a partnership between the institution, the Tomie Ohtake Institute, and the Afro-Brazilian Museum.<\/span><\/p>\n<p><span style=\"font-weight: 400;\">The workshop at the Ipiranga Museum addresses issues surrounding the representation of the Black population in museums and cultural institutions. Historically, these representations have been marked by stereotypes that associate Black people with hypersexualization and the denial of their knowledge, cultures, and autonomy.<\/span><\/p>\n<p><span style=\"font-weight: 400;\">In recent decades, the advancement of debates on race and racism, driven primarily by Black movements, has contributed to important changes in this scenario, including... <\/span><b>Law No. 10.639\/2003<\/b><span style=\"font-weight: 400;\">, which made the teaching of African and Afro-Brazilian History and Culture mandatory.<\/span><\/p>\n<p><span style=\"font-weight: 400;\">This movement also broadened the presence and revision of the trajectories of Black figures who were fundamental to the country&#039;s history. Among them are Andr\u00e9 Rebou\u00e7as, in engineering; Joaquim Pinto de Oliveira, known as Tebas, in architecture; and artists such as Mestre Valentim, Maria Auxiliadora, Y\u00eadamaria, and Maria dos Santos Reinbolt. These new interpretations contribute to recognizing Black participation as a constitutive part of Brazil&#039;s own history.<\/span><\/p>\n<p><span style=\"font-weight: 400;\">During the workshop, participants will tour some of the Ipiranga Museum&#039;s long-term exhibitions. The tour will be organized around three themes: counterpoints, in the exhibition <\/span><b>Imagined pasts<\/b><span style=\"font-weight: 400;\">; absences and omissions, in <\/span><b>A History of Brazil<\/b><span style=\"font-weight: 400;\">; and attendance, in <\/span><b>To Understand the Museum, Worlds of Work and Collecting: Images and Objects<\/b><span style=\"font-weight: 400;\">.\u00a0<\/span><\/p>\n<p><span style=\"font-weight: 400;\">At the end of the activity, the educators will lead a discussion circle in Studio 1 based on the work. <\/span><i><span style=\"font-weight: 400;\">Dirty hands<\/span><\/i><span style=\"font-weight: 400;\">, by Paulo du Sanctus, recently added to the Museum&#039;s collection.<\/span><span style=\"font-weight: 400;\"><br \/>\n<\/span><span style=\"font-weight: 400;\"><br \/>\n<\/span><b>Date:<\/b><span style=\"font-weight: 400;\"> 26\/9 (Saturday)<\/span><span style=\"font-weight: 400;\"><br \/>\n<\/span><b>Time:<\/b><span style=\"font-weight: 400;\"> 2 PM to 5 PM<\/span><span style=\"font-weight: 400;\"><br \/>\n<\/span><b>Job openings:<\/b><span style=\"font-weight: 400;\"> 25 people<\/span><span style=\"font-weight: 400;\"><br \/>\n<\/span><b>Registration:<\/b><span style=\"font-weight: 400;\"> from 9 to 18\/9<\/span><span style=\"font-weight: 400;\"><br \/>\n<\/span><span style=\"font-weight: 400;\">A draw will be held if the number of applicants exceeds the number of available places. <\/span><\/p>","protected":false},"excerpt":{"rendered":"<p>No dia 26 de setembro, a partir das 14h, o Museu do Ipiranga realiza uma oficina para refletir sobre estrat\u00e9gias cr\u00edticas e antirracistas adotadas em suas pr\u00e1ticas educativas. A proposta \u00e9 discutir como mediar obras e narrativas atravessadas por heran\u00e7as coloniais sem reproduzir estere\u00f3tipos, aus\u00eancias e apagamentos. A atividade acontece no terceiro dia do semin\u00e1rio [&hellip;]<\/p>\n","protected":false},"author":14,"featured_media":9647,"comment_status":"closed","ping_status":"open","sticky":false,"template":"","format":"standard","meta":{"_acf_changed":false,"footnotes":""},"categories":[7],"tags":[54,53],"class_list":["post-9646","post","type-post","status-publish","format-standard","has-post-thumbnail","hentry","category-eventos","tag-mediacao-e-arte-afro-brasileira","tag-seminario"],"acf":[],"yoast_head":"<!-- This site is optimized with the Yoast SEO plugin v28.4 - https:\/\/yoast.com\/product\/yoast-seo-wordpress\/ -->\n<title>Media\u00e7\u00e3o e educa\u00e7\u00e3o em di\u00e1logo: a constru\u00e7\u00e3o do negro como sujeito<\/title>\n<meta name=\"description\" content=\"No dia 26 de setembro, a partir das 14h, o Museu do Ipiranga realiza uma oficina para refletir sobre estrat\u00e9gias cr\u00edticas e antirracistas adotadas em suas pr\u00e1ticas educativas.\" \/>\n<meta name=\"robots\" content=\"index, follow, max-snippet:-1, max-image-preview:large, max-video-preview:-1\" \/>\n<link rel=\"canonical\" href=\"https:\/\/museudoipiranga.org.br\/en\/mediation-and-afro-brazilian-art-seminar\/\" \/>\n<meta property=\"og:locale\" content=\"en_US\" \/>\n<meta property=\"og:type\" content=\"article\" \/>\n<meta property=\"og:title\" content=\"Media\u00e7\u00e3o e educa\u00e7\u00e3o em di\u00e1logo: a constru\u00e7\u00e3o do negro como sujeito\" \/>\n<meta property=\"og:description\" content=\"No dia 26 de setembro, a partir das 14h, o Museu do Ipiranga realiza uma oficina para refletir sobre estrat\u00e9gias cr\u00edticas e antirracistas adotadas em suas pr\u00e1ticas educativas.\" \/>\n<meta property=\"og:url\" content=\"https:\/\/museudoipiranga.org.br\/en\/mediation-and-afro-brazilian-art-seminar\/\" \/>\n<meta property=\"og:site_name\" content=\"Museu do Ipiranga\" \/>\n<meta property=\"article:publisher\" content=\"https:\/\/www.facebook.com\/museudoipiranga\/\" \/>\n<meta property=\"article:published_time\" content=\"2026-08-28T14:13:07+00:00\" \/>\n<meta property=\"article:modified_time\" content=\"2026-09-02T20:09:00+00:00\" \/>\n<meta property=\"og:image\" content=\"https:\/\/museudoipiranga.org.br\/wp-content\/uploads\/2026\/08\/240422-030-rosael-scaled.jpg\" \/>\n\t<meta property=\"og:image:width\" content=\"2560\" \/>\n\t<meta property=\"og:image:height\" content=\"1707\" \/>\n\t<meta property=\"og:image:type\" content=\"image\/jpeg\" \/>\n<meta name=\"author\" content=\"Sarah Coutinho\" \/>\n<meta name=\"twitter:card\" content=\"summary_large_image\" \/>\n<meta name=\"twitter:creator\" content=\"@museupaulista\" \/>\n<meta name=\"twitter:site\" content=\"@museupaulista\" \/>\n<meta name=\"twitter:label1\" content=\"Written by\" \/>\n\t<meta name=\"twitter:data1\" content=\"Sarah Coutinho\" \/>\n\t<meta name=\"twitter:label2\" content=\"Est. reading time\" \/>\n\t<meta name=\"twitter:data2\" content=\"2 minutes\" \/>\n<script type=\"application\/ld+json\" class=\"yoast-schema-graph\">{\"@context\":\"https:\\\/\\\/schema.org\",\"@graph\":[{\"@type\":\"Article\",\"@id\":\"https:\\\/\\\/museudoipiranga.org.br\\\/mediacao-e-arte-afro-brasileira-seminario\\\/#article\",\"isPartOf\":{\"@id\":\"https:\\\/\\\/museudoipiranga.org.br\\\/mediacao-e-arte-afro-brasileira-seminario\\\/\"},\"author\":{\"name\":\"Sarah Coutinho\",\"@id\":\"https:\\\/\\\/museudoipiranga.org.br\\\/#\\\/schema\\\/person\\\/69a397c01874f726c4c8a75fd4238922\"},\"headline\":\"Media\u00e7\u00e3o e educa\u00e7\u00e3o em di\u00e1logo: a constru\u00e7\u00e3o do negro como sujeito\",\"datePublished\":\"2026-08-28T14:13:07+00:00\",\"dateModified\":\"2026-09-02T20:09:00+00:00\",\"mainEntityOfPage\":{\"@id\":\"https:\\\/\\\/museudoipiranga.org.br\\\/mediacao-e-arte-afro-brasileira-seminario\\\/\"},\"wordCount\":402,\"publisher\":{\"@id\":\"https:\\\/\\\/museudoipiranga.org.br\\\/#organization\"},\"image\":{\"@id\":\"https:\\\/\\\/museudoipiranga.org.br\\\/mediacao-e-arte-afro-brasileira-seminario\\\/#primaryimage\"},\"thumbnailUrl\":\"https:\\\/\\\/museudoipiranga.org.br\\\/wp-content\\\/uploads\\\/2026\\\/08\\\/240422-030-rosael-scaled.jpg\",\"keywords\":[\"media\u00e7\u00e3o e arte afro-brasileira\",\"semin\u00e1rio\"],\"articleSection\":[\"Eventos\"],\"inLanguage\":\"en-US\"},{\"@type\":\"WebPage\",\"@id\":\"https:\\\/\\\/museudoipiranga.org.br\\\/mediacao-e-arte-afro-brasileira-seminario\\\/\",\"url\":\"https:\\\/\\\/museudoipiranga.org.br\\\/mediacao-e-arte-afro-brasileira-seminario\\\/\",\"name\":\"Media\u00e7\u00e3o e educa\u00e7\u00e3o em di\u00e1logo: a constru\u00e7\u00e3o do negro como sujeito\",\"isPartOf\":{\"@id\":\"https:\\\/\\\/museudoipiranga.org.br\\\/#website\"},\"primaryImageOfPage\":{\"@id\":\"https:\\\/\\\/museudoipiranga.org.br\\\/mediacao-e-arte-afro-brasileira-seminario\\\/#primaryimage\"},\"image\":{\"@id\":\"https:\\\/\\\/museudoipiranga.org.br\\\/mediacao-e-arte-afro-brasileira-seminario\\\/#primaryimage\"},\"thumbnailUrl\":\"https:\\\/\\\/museudoipiranga.org.br\\\/wp-content\\\/uploads\\\/2026\\\/08\\\/240422-030-rosael-scaled.jpg\",\"datePublished\":\"2026-08-28T14:13:07+00:00\",\"dateModified\":\"2026-09-02T20:09:00+00:00\",\"description\":\"No dia 26 de setembro, a partir das 14h, o Museu do Ipiranga realiza uma oficina para refletir sobre estrat\u00e9gias cr\u00edticas e antirracistas adotadas em suas pr\u00e1ticas educativas.\",\"breadcrumb\":{\"@id\":\"https:\\\/\\\/museudoipiranga.org.br\\\/mediacao-e-arte-afro-brasileira-seminario\\\/#breadcrumb\"},\"inLanguage\":\"en-US\",\"potentialAction\":[{\"@type\":\"ReadAction\",\"target\":[\"https:\\\/\\\/museudoipiranga.org.br\\\/mediacao-e-arte-afro-brasileira-seminario\\\/\"]}]},{\"@type\":\"ImageObject\",\"inLanguage\":\"en-US\",\"@id\":\"https:\\\/\\\/museudoipiranga.org.br\\\/mediacao-e-arte-afro-brasileira-seminario\\\/#primaryimage\",\"url\":\"https:\\\/\\\/museudoipiranga.org.br\\\/wp-content\\\/uploads\\\/2026\\\/08\\\/240422-030-rosael-scaled.jpg\",\"contentUrl\":\"https:\\\/\\\/museudoipiranga.org.br\\\/wp-content\\\/uploads\\\/2026\\\/08\\\/240422-030-rosael-scaled.jpg\",\"width\":2560,\"height\":1707,\"caption\":\"retratos diversos expostos na parede\"},{\"@type\":\"BreadcrumbList\",\"@id\":\"https:\\\/\\\/museudoipiranga.org.br\\\/mediacao-e-arte-afro-brasileira-seminario\\\/#breadcrumb\",\"itemListElement\":[{\"@type\":\"ListItem\",\"position\":1,\"name\":\"In\u00edcio\",\"item\":\"https:\\\/\\\/museudoipiranga.org.br\\\/\"},{\"@type\":\"ListItem\",\"position\":2,\"name\":\"Media\u00e7\u00e3o e educa\u00e7\u00e3o em di\u00e1logo: a constru\u00e7\u00e3o do negro como sujeito\"}]},{\"@type\":\"WebSite\",\"@id\":\"https:\\\/\\\/museudoipiranga.org.br\\\/#website\",\"url\":\"https:\\\/\\\/museudoipiranga.org.br\\\/\",\"name\":\"Museu do Ipiranga\",\"description\":\"O Museu do Ipiranga \u00e9 a sede do Museu Paulista, que \u00e9 um museu especializado em hist\u00f3ria e cultural material e integra a Universidade de S\u00e3o Paulo.\",\"publisher\":{\"@id\":\"https:\\\/\\\/museudoipiranga.org.br\\\/#organization\"},\"potentialAction\":[{\"@type\":\"SearchAction\",\"target\":{\"@type\":\"EntryPoint\",\"urlTemplate\":\"https:\\\/\\\/museudoipiranga.org.br\\\/?s={search_term_string}\"},\"query-input\":{\"@type\":\"PropertyValueSpecification\",\"valueRequired\":true,\"valueName\":\"search_term_string\"}}],\"inLanguage\":\"en-US\"},{\"@type\":\"Organization\",\"@id\":\"https:\\\/\\\/museudoipiranga.org.br\\\/#organization\",\"name\":\"Museu do Ipiranga\",\"url\":\"https:\\\/\\\/museudoipiranga.org.br\\\/\",\"logo\":{\"@type\":\"ImageObject\",\"inLanguage\":\"en-US\",\"@id\":\"https:\\\/\\\/museudoipiranga.org.br\\\/#\\\/schema\\\/logo\\\/image\\\/\",\"url\":\"https:\\\/\\\/museudoipiranga.org.br\\\/wp-content\\\/uploads\\\/2024\\\/09\\\/logo-museu.svg\",\"contentUrl\":\"https:\\\/\\\/museudoipiranga.org.br\\\/wp-content\\\/uploads\\\/2024\\\/09\\\/logo-museu.svg\",\"width\":173,\"height\":140,\"caption\":\"Museu do Ipiranga\"},\"image\":{\"@id\":\"https:\\\/\\\/museudoipiranga.org.br\\\/#\\\/schema\\\/logo\\\/image\\\/\"},\"sameAs\":[\"https:\\\/\\\/www.facebook.com\\\/museudoipiranga\\\/\",\"https:\\\/\\\/x.com\\\/museupaulista\",\"https:\\\/\\\/www.instagram.com\\\/museudoipiranga\\\/\",\"https:\\\/\\\/www.linkedin.com\\\/company\\\/museu-do-ipiranga\\\/\",\"https:\\\/\\\/www.youtube.com\\\/channel\\\/UC98l9dLKN5cyDPo4hE-A_tA\"]},{\"@type\":\"Person\",\"@id\":\"https:\\\/\\\/museudoipiranga.org.br\\\/#\\\/schema\\\/person\\\/69a397c01874f726c4c8a75fd4238922\",\"name\":\"Sarah Coutinho\",\"image\":{\"@type\":\"ImageObject\",\"inLanguage\":\"en-US\",\"@id\":\"https:\\\/\\\/secure.gravatar.com\\\/avatar\\\/f1c5b63cb2acceac67c9a0a2bf760a4e4059558b64f2a211d039bcc960dea881?s=96&d=blank&r=g\",\"url\":\"https:\\\/\\\/secure.gravatar.com\\\/avatar\\\/f1c5b63cb2acceac67c9a0a2bf760a4e4059558b64f2a211d039bcc960dea881?s=96&d=blank&r=g\",\"contentUrl\":\"https:\\\/\\\/secure.gravatar.com\\\/avatar\\\/f1c5b63cb2acceac67c9a0a2bf760a4e4059558b64f2a211d039bcc960dea881?s=96&d=blank&r=g\",\"caption\":\"Sarah Coutinho\"},\"url\":\"https:\\\/\\\/museudoipiranga.org.br\\\/en\\\/author\\\/midia\\\/\"}]}<\/script>\n<!-- \/ Yoast SEO plugin. -->","yoast_head_json":{"title":"Media\u00e7\u00e3o e educa\u00e7\u00e3o em di\u00e1logo: a constru\u00e7\u00e3o do negro como sujeito","description":"On September 26th, starting at 2 PM, the Ipiranga Museum will hold a workshop to reflect on critical and anti-racist strategies adopted in its educational practices.","robots":{"index":"index","follow":"follow","max-snippet":"max-snippet:-1","max-image-preview":"max-image-preview:large","max-video-preview":"max-video-preview:-1"},"canonical":"https:\/\/museudoipiranga.org.br\/en\/mediation-and-afro-brazilian-art-seminar\/","og_locale":"en_US","og_type":"article","og_title":"Media\u00e7\u00e3o e educa\u00e7\u00e3o em di\u00e1logo: a constru\u00e7\u00e3o do negro como sujeito","og_description":"No dia 26 de setembro, a partir das 14h, o Museu do Ipiranga realiza uma oficina para refletir sobre estrat\u00e9gias cr\u00edticas e antirracistas adotadas em suas pr\u00e1ticas educativas.","og_url":"https:\/\/museudoipiranga.org.br\/en\/mediation-and-afro-brazilian-art-seminar\/","og_site_name":"Museu do Ipiranga","article_publisher":"https:\/\/www.facebook.com\/museudoipiranga\/","article_published_time":"2026-08-28T14:13:07+00:00","article_modified_time":"2026-09-02T20:09:00+00:00","og_image":[{"width":2560,"height":1707,"url":"https:\/\/museudoipiranga.org.br\/wp-content\/uploads\/2026\/08\/240422-030-rosael-scaled.jpg","type":"image\/jpeg"}],"author":"Sarah Coutinho","twitter_card":"summary_large_image","twitter_creator":"@museupaulista","twitter_site":"@museupaulista","twitter_misc":{"Written by":"Sarah Coutinho","Est. reading time":"2 minutes"},"schema":{"@context":"https:\/\/schema.org","@graph":[{"@type":"Article","@id":"https:\/\/museudoipiranga.org.br\/mediacao-e-arte-afro-brasileira-seminario\/#article","isPartOf":{"@id":"https:\/\/museudoipiranga.org.br\/mediacao-e-arte-afro-brasileira-seminario\/"},"author":{"name":"Sarah Coutinho","@id":"https:\/\/museudoipiranga.org.br\/#\/schema\/person\/69a397c01874f726c4c8a75fd4238922"},"headline":"Media\u00e7\u00e3o e educa\u00e7\u00e3o em di\u00e1logo: a constru\u00e7\u00e3o do negro como sujeito","datePublished":"2026-08-28T14:13:07+00:00","dateModified":"2026-09-02T20:09:00+00:00","mainEntityOfPage":{"@id":"https:\/\/museudoipiranga.org.br\/mediacao-e-arte-afro-brasileira-seminario\/"},"wordCount":402,"publisher":{"@id":"https:\/\/museudoipiranga.org.br\/#organization"},"image":{"@id":"https:\/\/museudoipiranga.org.br\/mediacao-e-arte-afro-brasileira-seminario\/#primaryimage"},"thumbnailUrl":"https:\/\/museudoipiranga.org.br\/wp-content\/uploads\/2026\/08\/240422-030-rosael-scaled.jpg","keywords":["media\u00e7\u00e3o e arte afro-brasileira","semin\u00e1rio"],"articleSection":["Eventos"],"inLanguage":"en-US"},{"@type":"WebPage","@id":"https:\/\/museudoipiranga.org.br\/mediacao-e-arte-afro-brasileira-seminario\/","url":"https:\/\/museudoipiranga.org.br\/mediacao-e-arte-afro-brasileira-seminario\/","name":"Media\u00e7\u00e3o e educa\u00e7\u00e3o em di\u00e1logo: a constru\u00e7\u00e3o do negro como sujeito","isPartOf":{"@id":"https:\/\/museudoipiranga.org.br\/#website"},"primaryImageOfPage":{"@id":"https:\/\/museudoipiranga.org.br\/mediacao-e-arte-afro-brasileira-seminario\/#primaryimage"},"image":{"@id":"https:\/\/museudoipiranga.org.br\/mediacao-e-arte-afro-brasileira-seminario\/#primaryimage"},"thumbnailUrl":"https:\/\/museudoipiranga.org.br\/wp-content\/uploads\/2026\/08\/240422-030-rosael-scaled.jpg","datePublished":"2026-08-28T14:13:07+00:00","dateModified":"2026-09-02T20:09:00+00:00","description":"On September 26th, starting at 2 PM, the Ipiranga Museum will hold a workshop to reflect on critical and anti-racist strategies adopted in its educational practices.","breadcrumb":{"@id":"https:\/\/museudoipiranga.org.br\/mediacao-e-arte-afro-brasileira-seminario\/#breadcrumb"},"inLanguage":"en-US","potentialAction":[{"@type":"ReadAction","target":["https:\/\/museudoipiranga.org.br\/mediacao-e-arte-afro-brasileira-seminario\/"]}]},{"@type":"ImageObject","inLanguage":"en-US","@id":"https:\/\/museudoipiranga.org.br\/mediacao-e-arte-afro-brasileira-seminario\/#primaryimage","url":"https:\/\/museudoipiranga.org.br\/wp-content\/uploads\/2026\/08\/240422-030-rosael-scaled.jpg","contentUrl":"https:\/\/museudoipiranga.org.br\/wp-content\/uploads\/2026\/08\/240422-030-rosael-scaled.jpg","width":2560,"height":1707,"caption":"retratos diversos expostos na parede"},{"@type":"BreadcrumbList","@id":"https:\/\/museudoipiranga.org.br\/mediacao-e-arte-afro-brasileira-seminario\/#breadcrumb","itemListElement":[{"@type":"ListItem","position":1,"name":"In\u00edcio","item":"https:\/\/museudoipiranga.org.br\/"},{"@type":"ListItem","position":2,"name":"Media\u00e7\u00e3o e educa\u00e7\u00e3o em di\u00e1logo: a constru\u00e7\u00e3o do negro como sujeito"}]},{"@type":"WebSite","@id":"https:\/\/museudoipiranga.org.br\/#website","url":"https:\/\/museudoipiranga.org.br\/","name":"Ipiranga Museum","description":"The Ipiranga Museum is the headquarters of the Paulista Museum, which is a museum specializing in historical and material culture and is part of the University of S\u00e3o Paulo.","publisher":{"@id":"https:\/\/museudoipiranga.org.br\/#organization"},"potentialAction":[{"@type":"SearchAction","target":{"@type":"EntryPoint","urlTemplate":"https:\/\/museudoipiranga.org.br\/?s={search_term_string}"},"query-input":{"@type":"PropertyValueSpecification","valueRequired":true,"valueName":"search_term_string"}}],"inLanguage":"en-US"},{"@type":"Organization","@id":"https:\/\/museudoipiranga.org.br\/#organization","name":"Ipiranga Museum","url":"https:\/\/museudoipiranga.org.br\/","logo":{"@type":"ImageObject","inLanguage":"en-US","@id":"https:\/\/museudoipiranga.org.br\/#\/schema\/logo\/image\/","url":"https:\/\/museudoipiranga.org.br\/wp-content\/uploads\/2024\/09\/logo-museu.svg","contentUrl":"https:\/\/museudoipiranga.org.br\/wp-content\/uploads\/2024\/09\/logo-museu.svg","width":173,"height":140,"caption":"Museu do Ipiranga"},"image":{"@id":"https:\/\/museudoipiranga.org.br\/#\/schema\/logo\/image\/"},"sameAs":["https:\/\/www.facebook.com\/museudoipiranga\/","https:\/\/x.com\/museupaulista","https:\/\/www.instagram.com\/museudoipiranga\/","https:\/\/www.linkedin.com\/company\/museu-do-ipiranga\/","https:\/\/www.youtube.com\/channel\/UC98l9dLKN5cyDPo4hE-A_tA"]},{"@type":"Person","@id":"https:\/\/museudoipiranga.org.br\/#\/schema\/person\/69a397c01874f726c4c8a75fd4238922","name":"Sarah Coutinho","image":{"@type":"ImageObject","inLanguage":"en-US","@id":"https:\/\/secure.gravatar.com\/avatar\/f1c5b63cb2acceac67c9a0a2bf760a4e4059558b64f2a211d039bcc960dea881?s=96&d=blank&r=g","url":"https:\/\/secure.gravatar.com\/avatar\/f1c5b63cb2acceac67c9a0a2bf760a4e4059558b64f2a211d039bcc960dea881?s=96&d=blank&r=g","contentUrl":"https:\/\/secure.gravatar.com\/avatar\/f1c5b63cb2acceac67c9a0a2bf760a4e4059558b64f2a211d039bcc960dea881?s=96&d=blank&r=g","caption":"Sarah Coutinho"},"url":"https:\/\/museudoipiranga.org.br\/en\/author\/midia\/"}]}},"_links":{"self":[{"href":"https:\/\/museudoipiranga.org.br\/en\/wp-json\/wp\/v2\/posts\/9646","targetHints":{"allow":["GET"]}}],"collection":[{"href":"https:\/\/museudoipiranga.org.br\/en\/wp-json\/wp\/v2\/posts"}],"about":[{"href":"https:\/\/museudoipiranga.org.br\/en\/wp-json\/wp\/v2\/types\/post"}],"author":[{"embeddable":true,"href":"https:\/\/museudoipiranga.org.br\/en\/wp-json\/wp\/v2\/users\/14"}],"replies":[{"embeddable":true,"href":"https:\/\/museudoipiranga.org.br\/en\/wp-json\/wp\/v2\/comments?post=9646"}],"version-history":[{"count":4,"href":"https:\/\/museudoipiranga.org.br\/en\/wp-json\/wp\/v2\/posts\/9646\/revisions"}],"predecessor-version":[{"id":9695,"href":"https:\/\/museudoipiranga.org.br\/en\/wp-json\/wp\/v2\/posts\/9646\/revisions\/9695"}],"wp:featuredmedia":[{"embeddable":true,"href":"https:\/\/museudoipiranga.org.br\/en\/wp-json\/wp\/v2\/media\/9647"}],"wp:attachment":[{"href":"https:\/\/museudoipiranga.org.br\/en\/wp-json\/wp\/v2\/media?parent=9646"}],"wp:term":[{"taxonomy":"category","embeddable":true,"href":"https:\/\/museudoipiranga.org.br\/en\/wp-json\/wp\/v2\/categories?post=9646"},{"taxonomy":"post_tag","embeddable":true,"href":"https:\/\/museudoipiranga.org.br\/en\/wp-json\/wp\/v2\/tags?post=9646"}],"curies":[{"name":"wp","href":"https:\/\/api.w.org\/{rel}","templated":true}]}}